{"id":2855,"date":"2021-08-17T14:56:00","date_gmt":"2021-08-17T14:56:00","guid":{"rendered":"https:\/\/foto.anders-web.de\/?p=2855"},"modified":"2021-12-20T12:56:05","modified_gmt":"2021-12-20T12:56:05","slug":"panorama-im-sueden","status":"publish","type":"post","link":"https:\/\/foto.anders-web.de\/?p=2855","title":{"rendered":"Panorama im S\u00fcden"},"content":{"rendered":"\n<p>Auf einer Fahrt in den Schwarzwald und auf dem R\u00fcckweg habe ich Heute zwei sch\u00f6ne Panoramen fotografieren k\u00f6nnen:<\/p>\n\n\n\n<figure class=\"wp-block-gallery columns-1 is-cropped wp-block-gallery-1 is-layout-flex wp-block-gallery-is-layout-flex\"><ul class=\"blocks-gallery-grid\"><li class=\"blocks-gallery-item\"><figure><a href=\"https:\/\/foto.anders-web.de\/wp-content\/uploads\/2021\/08\/20210819-_D715184-Pano-1024x334.jpg\"><img loading=\"lazy\" decoding=\"async\" width=\"1024\" height=\"334\" src=\"https:\/\/foto.anders-web.de\/wp-content\/uploads\/2021\/08\/20210819-_D715184-Pano-1024x334.jpg\" alt=\"\" data-id=\"2856\" data-link=\"https:\/\/foto.anders-web.de\/?attachment_id=2856\" class=\"wp-image-2856\" srcset=\"https:\/\/foto.anders-web.de\/wp-content\/uploads\/2021\/08\/20210819-_D715184-Pano-1024x334.jpg 1024w, https:\/\/foto.anders-web.de\/wp-content\/uploads\/2021\/08\/20210819-_D715184-Pano-300x98.jpg 300w, https:\/\/foto.anders-web.de\/wp-content\/uploads\/2021\/08\/20210819-_D715184-Pano-768x250.jpg 768w, https:\/\/foto.anders-web.de\/wp-content\/uploads\/2021\/08\/20210819-_D715184-Pano-1536x500.jpg 1536w, https:\/\/foto.anders-web.de\/wp-content\/uploads\/2021\/08\/20210819-_D715184-Pano-210x68.jpg 210w, https:\/\/foto.anders-web.de\/wp-content\/uploads\/2021\/08\/20210819-_D715184-Pano-1960x639.jpg 1960w\" sizes=\"(max-width: 980px) 100vw, 980px\" \/><\/a><figcaption class=\"blocks-gallery-item__caption\">Stuttgart-Panorama, aufgenommen von der Aussichtsplattform an der Zeppelinstra\u00dfe<\/figcaption><\/figure><\/li><li class=\"blocks-gallery-item\"><figure><a href=\"https:\/\/foto.anders-web.de\/wp-content\/uploads\/2021\/08\/20210817-_D715162-Pano-scaled.jpg\"><img loading=\"lazy\" decoding=\"async\" width=\"1024\" height=\"318\" src=\"https:\/\/foto.anders-web.de\/wp-content\/uploads\/2021\/08\/20210817-_D715162-Pano-1024x318.jpg\" alt=\"\" data-id=\"2857\" data-full-url=\"https:\/\/foto.anders-web.de\/wp-content\/uploads\/2021\/08\/20210817-_D715162-Pano-scaled.jpg\" data-link=\"https:\/\/foto.anders-web.de\/?attachment_id=2857\" class=\"wp-image-2857\" srcset=\"https:\/\/foto.anders-web.de\/wp-content\/uploads\/2021\/08\/20210817-_D715162-Pano-1024x318.jpg 1024w, https:\/\/foto.anders-web.de\/wp-content\/uploads\/2021\/08\/20210817-_D715162-Pano-300x93.jpg 300w, https:\/\/foto.anders-web.de\/wp-content\/uploads\/2021\/08\/20210817-_D715162-Pano-768x239.jpg 768w, https:\/\/foto.anders-web.de\/wp-content\/uploads\/2021\/08\/20210817-_D715162-Pano-1536x478.jpg 1536w, https:\/\/foto.anders-web.de\/wp-content\/uploads\/2021\/08\/20210817-_D715162-Pano-210x65.jpg 210w, https:\/\/foto.anders-web.de\/wp-content\/uploads\/2021\/08\/20210817-_D715162-Pano-1960x610.jpg 1960w\" sizes=\"(max-width: 980px) 100vw, 980px\" \/><\/a><figcaption class=\"blocks-gallery-item__caption\">Panorama aus dem Schwarzwald, vom Dienstag. Fotografiert vom Turm der Burg Liebenzell mit Blick auf Bad Liebenzell<\/figcaption><\/figure><\/li><\/ul><\/figure>\n","protected":false},"excerpt":{"rendered":"<p>Auf einer Fahrt in den Schwarzwald und auf dem R\u00fcckweg habe ich Heute zwei sch\u00f6ne Panoramen fotografieren k\u00f6nnen:<\/p>\n","protected":false},"author":1,"featured_media":0,"comment_status":"closed","ping_status":"closed","sticky":false,"template":"","format":"standard","meta":{"footnotes":""},"categories":[1],"tags":[],"_links":{"self":[{"href":"https:\/\/foto.anders-web.de\/index.php?rest_route=\/wp\/v2\/posts\/2855"}],"collection":[{"href":"https:\/\/foto.anders-web.de\/index.php?rest_route=\/wp\/v2\/posts"}],"about":[{"href":"https:\/\/foto.anders-web.de\/index.php?rest_route=\/wp\/v2\/types\/post"}],"author":[{"embeddable":true,"href":"https:\/\/foto.anders-web.de\/index.php?rest_route=\/wp\/v2\/users\/1"}],"replies":[{"embeddable":true,"href":"https:\/\/foto.anders-web.de\/index.php?rest_route=%2Fwp%2Fv2%2Fcomments&post=2855"}],"version-history":[{"count":2,"href":"https:\/\/foto.anders-web.de\/index.php?rest_route=\/wp\/v2\/posts\/2855\/revisions"}],"predecessor-version":[{"id":2996,"href":"https:\/\/foto.anders-web.de\/index.php?rest_route=\/wp\/v2\/posts\/2855\/revisions\/2996"}],"wp:attachment":[{"href":"https:\/\/foto.anders-web.de\/index.php?rest_route=%2Fwp%2Fv2%2Fmedia&parent=2855"}],"wp:term":[{"taxonomy":"category","embeddable":true,"href":"https:\/\/foto.anders-web.de\/index.php?rest_route=%2Fwp%2Fv2%2Fcategories&post=2855"},{"taxonomy":"post_tag","embeddable":true,"href":"https:\/\/foto.anders-web.de\/index.php?rest_route=%2Fwp%2Fv2%2Ftags&post=2855"}],"curies":[{"name":"wp","href":"https:\/\/api.w.org\/{rel}","templated":true}]}}