{"id":2590,"date":"2021-04-19T08:56:00","date_gmt":"2021-04-19T08:56:00","guid":{"rendered":"https:\/\/foto.anders-web.de\/?p=2590"},"modified":"2021-04-30T09:02:15","modified_gmt":"2021-04-30T09:02:15","slug":"sonnenuntegaenge-ohne-ende-%e2%98%80%ef%b8%8f","status":"publish","type":"post","link":"https:\/\/foto.anders-web.de\/?p=2590","title":{"rendered":"Sonnenunteg\u00e4nge ohne Ende &#8230; \u2600\ufe0f"},"content":{"rendered":"\n<p>Wie man wei\u00df, bin ich Fan von Sonnenauf- und Unterg\u00e4ngen. Und so war es nat\u00fcrlich die letzten Tage ein Fest f\u00fcr mich, wenn ein spektakul\u00e4rer Sonnenuntergang den N\u00e4chsten jagte &#8230; ?<\/p>\n\n\n\n<figure class=\"wp-block-gallery columns-3 is-cropped wp-block-gallery-1 is-layout-flex wp-block-gallery-is-layout-flex\"><ul class=\"blocks-gallery-grid\"><li class=\"blocks-gallery-item\"><figure><a href=\"https:\/\/foto.anders-web.de\/wp-content\/uploads\/2021\/04\/20210412-_D713770-scaled.jpg\"><img loading=\"lazy\" decoding=\"async\" width=\"1024\" height=\"683\" src=\"https:\/\/foto.anders-web.de\/wp-content\/uploads\/2021\/04\/20210412-_D713770-1024x683.jpg\" alt=\"\" data-id=\"2591\" data-full-url=\"https:\/\/foto.anders-web.de\/wp-content\/uploads\/2021\/04\/20210412-_D713770-scaled.jpg\" data-link=\"https:\/\/foto.anders-web.de\/?attachment_id=2591\" class=\"wp-image-2591\" srcset=\"https:\/\/foto.anders-web.de\/wp-content\/uploads\/2021\/04\/20210412-_D713770-1024x683.jpg 1024w, https:\/\/foto.anders-web.de\/wp-content\/uploads\/2021\/04\/20210412-_D713770-300x200.jpg 300w, https:\/\/foto.anders-web.de\/wp-content\/uploads\/2021\/04\/20210412-_D713770-768x512.jpg 768w, https:\/\/foto.anders-web.de\/wp-content\/uploads\/2021\/04\/20210412-_D713770-1536x1024.jpg 1536w, https:\/\/foto.anders-web.de\/wp-content\/uploads\/2021\/04\/20210412-_D713770-210x140.jpg 210w, https:\/\/foto.anders-web.de\/wp-content\/uploads\/2021\/04\/20210412-_D713770-1960x1307.jpg 1960w\" sizes=\"(max-width: 980px) 100vw, 980px\" \/><\/a><\/figure><\/li><li class=\"blocks-gallery-item\"><figure><a href=\"https:\/\/foto.anders-web.de\/wp-content\/uploads\/2021\/04\/20210419-D75_1358-scaled.jpg\"><img loading=\"lazy\" decoding=\"async\" width=\"1024\" height=\"683\" src=\"https:\/\/foto.anders-web.de\/wp-content\/uploads\/2021\/04\/20210419-D75_1358-1024x683.jpg\" alt=\"\" data-id=\"2592\" data-full-url=\"https:\/\/foto.anders-web.de\/wp-content\/uploads\/2021\/04\/20210419-D75_1358-scaled.jpg\" data-link=\"https:\/\/foto.anders-web.de\/?attachment_id=2592\" class=\"wp-image-2592\" srcset=\"https:\/\/foto.anders-web.de\/wp-content\/uploads\/2021\/04\/20210419-D75_1358-1024x683.jpg 1024w, https:\/\/foto.anders-web.de\/wp-content\/uploads\/2021\/04\/20210419-D75_1358-300x200.jpg 300w, https:\/\/foto.anders-web.de\/wp-content\/uploads\/2021\/04\/20210419-D75_1358-768x512.jpg 768w, https:\/\/foto.anders-web.de\/wp-content\/uploads\/2021\/04\/20210419-D75_1358-1536x1024.jpg 1536w, https:\/\/foto.anders-web.de\/wp-content\/uploads\/2021\/04\/20210419-D75_1358-210x140.jpg 210w, https:\/\/foto.anders-web.de\/wp-content\/uploads\/2021\/04\/20210419-D75_1358-1960x1307.jpg 1960w\" sizes=\"(max-width: 980px) 100vw, 980px\" \/><\/a><\/figure><\/li><li class=\"blocks-gallery-item\"><figure><a href=\"https:\/\/foto.anders-web.de\/wp-content\/uploads\/2021\/04\/20210419-D75_1362-scaled.jpg\"><img loading=\"lazy\" decoding=\"async\" width=\"1024\" height=\"683\" src=\"https:\/\/foto.anders-web.de\/wp-content\/uploads\/2021\/04\/20210419-D75_1362-1024x683.jpg\" alt=\"\" data-id=\"2593\" data-full-url=\"https:\/\/foto.anders-web.de\/wp-content\/uploads\/2021\/04\/20210419-D75_1362-scaled.jpg\" data-link=\"https:\/\/foto.anders-web.de\/?attachment_id=2593\" class=\"wp-image-2593\" srcset=\"https:\/\/foto.anders-web.de\/wp-content\/uploads\/2021\/04\/20210419-D75_1362-1024x683.jpg 1024w, https:\/\/foto.anders-web.de\/wp-content\/uploads\/2021\/04\/20210419-D75_1362-300x200.jpg 300w, https:\/\/foto.anders-web.de\/wp-content\/uploads\/2021\/04\/20210419-D75_1362-768x512.jpg 768w, https:\/\/foto.anders-web.de\/wp-content\/uploads\/2021\/04\/20210419-D75_1362-1536x1024.jpg 1536w, https:\/\/foto.anders-web.de\/wp-content\/uploads\/2021\/04\/20210419-D75_1362-210x140.jpg 210w, https:\/\/foto.anders-web.de\/wp-content\/uploads\/2021\/04\/20210419-D75_1362-1960x1307.jpg 1960w\" sizes=\"(max-width: 980px) 100vw, 980px\" \/><\/a><\/figure><\/li><li class=\"blocks-gallery-item\"><figure><a href=\"https:\/\/foto.anders-web.de\/wp-content\/uploads\/2021\/04\/20210419-D75_1364-scaled.jpg\"><img loading=\"lazy\" decoding=\"async\" width=\"1024\" height=\"683\" src=\"https:\/\/foto.anders-web.de\/wp-content\/uploads\/2021\/04\/20210419-D75_1364-1024x683.jpg\" alt=\"\" data-id=\"2594\" data-full-url=\"https:\/\/foto.anders-web.de\/wp-content\/uploads\/2021\/04\/20210419-D75_1364-scaled.jpg\" data-link=\"https:\/\/foto.anders-web.de\/?attachment_id=2594\" class=\"wp-image-2594\" srcset=\"https:\/\/foto.anders-web.de\/wp-content\/uploads\/2021\/04\/20210419-D75_1364-1024x683.jpg 1024w, https:\/\/foto.anders-web.de\/wp-content\/uploads\/2021\/04\/20210419-D75_1364-300x200.jpg 300w, https:\/\/foto.anders-web.de\/wp-content\/uploads\/2021\/04\/20210419-D75_1364-768x512.jpg 768w, https:\/\/foto.anders-web.de\/wp-content\/uploads\/2021\/04\/20210419-D75_1364-1536x1024.jpg 1536w, https:\/\/foto.anders-web.de\/wp-content\/uploads\/2021\/04\/20210419-D75_1364-210x140.jpg 210w, https:\/\/foto.anders-web.de\/wp-content\/uploads\/2021\/04\/20210419-D75_1364-1960x1307.jpg 1960w\" sizes=\"(max-width: 980px) 100vw, 980px\" \/><\/a><\/figure><\/li><\/ul><\/figure>\n","protected":false},"excerpt":{"rendered":"<p>Wie man wei\u00df, bin ich Fan von Sonnenauf- und Unterg\u00e4ngen. Und so war es nat\u00fcrlich die letzten Tage ein Fest f\u00fcr mich, wenn ein spektakul\u00e4rer Sonnenuntergang den N\u00e4chsten jagte &#8230; ?<\/p>\n","protected":false},"author":1,"featured_media":0,"comment_status":"closed","ping_status":"closed","sticky":false,"template":"","format":"standard","meta":{"footnotes":""},"categories":[1],"tags":[],"_links":{"self":[{"href":"https:\/\/foto.anders-web.de\/index.php?rest_route=\/wp\/v2\/posts\/2590"}],"collection":[{"href":"https:\/\/foto.anders-web.de\/index.php?rest_route=\/wp\/v2\/posts"}],"about":[{"href":"https:\/\/foto.anders-web.de\/index.php?rest_route=\/wp\/v2\/types\/post"}],"author":[{"embeddable":true,"href":"https:\/\/foto.anders-web.de\/index.php?rest_route=\/wp\/v2\/users\/1"}],"replies":[{"embeddable":true,"href":"https:\/\/foto.anders-web.de\/index.php?rest_route=%2Fwp%2Fv2%2Fcomments&post=2590"}],"version-history":[{"count":1,"href":"https:\/\/foto.anders-web.de\/index.php?rest_route=\/wp\/v2\/posts\/2590\/revisions"}],"predecessor-version":[{"id":2595,"href":"https:\/\/foto.anders-web.de\/index.php?rest_route=\/wp\/v2\/posts\/2590\/revisions\/2595"}],"wp:attachment":[{"href":"https:\/\/foto.anders-web.de\/index.php?rest_route=%2Fwp%2Fv2%2Fmedia&parent=2590"}],"wp:term":[{"taxonomy":"category","embeddable":true,"href":"https:\/\/foto.anders-web.de\/index.php?rest_route=%2Fwp%2Fv2%2Fcategories&post=2590"},{"taxonomy":"post_tag","embeddable":true,"href":"https:\/\/foto.anders-web.de\/index.php?rest_route=%2Fwp%2Fv2%2Ftags&post=2590"}],"curies":[{"name":"wp","href":"https:\/\/api.w.org\/{rel}","templated":true}]}}