{"id":2408,"date":"2021-02-06T10:25:18","date_gmt":"2021-02-06T10:25:18","guid":{"rendered":"https:\/\/foto.anders-web.de\/?p=2408"},"modified":"2021-02-06T10:27:40","modified_gmt":"2021-02-06T10:27:40","slug":"die-ersten-fruehlingsboten-%f0%9f%8c%b1","status":"publish","type":"post","link":"https:\/\/foto.anders-web.de\/?p=2408","title":{"rendered":"Die ersten Fr\u00fchlingsboten! ?"},"content":{"rendered":"\n<p>Obwohl f\u00fcr dieses Wochenende extreme Winterverh\u00e4ltnisse angek\u00fcndigt wurden, haben sich die ersten Schneegl\u00f6ckchen im Garten aus der Deckung gewagt &#8230;<\/p>\n\n\n\n<figure class=\"wp-block-image size-large\"><img loading=\"lazy\" decoding=\"async\" width=\"1024\" height=\"683\" src=\"https:\/\/foto.anders-web.de\/wp-content\/uploads\/2021\/02\/20210206-D75_9918-1024x683.jpg\" alt=\"\" class=\"wp-image-2409\" srcset=\"https:\/\/foto.anders-web.de\/wp-content\/uploads\/2021\/02\/20210206-D75_9918-1024x683.jpg 1024w, https:\/\/foto.anders-web.de\/wp-content\/uploads\/2021\/02\/20210206-D75_9918-300x200.jpg 300w, https:\/\/foto.anders-web.de\/wp-content\/uploads\/2021\/02\/20210206-D75_9918-768x512.jpg 768w, https:\/\/foto.anders-web.de\/wp-content\/uploads\/2021\/02\/20210206-D75_9918-1536x1024.jpg 1536w, https:\/\/foto.anders-web.de\/wp-content\/uploads\/2021\/02\/20210206-D75_9918-210x140.jpg 210w, https:\/\/foto.anders-web.de\/wp-content\/uploads\/2021\/02\/20210206-D75_9918-1960x1307.jpg 1960w\" sizes=\"(max-width: 980px) 100vw, 980px\" \/><\/figure>\n\n\n\n<figure class=\"wp-block-gallery columns-3 is-cropped wp-block-gallery-1 is-layout-flex wp-block-gallery-is-layout-flex\"><ul class=\"blocks-gallery-grid\"><li class=\"blocks-gallery-item\"><figure><img loading=\"lazy\" decoding=\"async\" width=\"1024\" height=\"683\" src=\"https:\/\/foto.anders-web.de\/wp-content\/uploads\/2021\/02\/20210206-D75_9929-1024x683.jpg\" alt=\"\" data-id=\"2410\" data-link=\"https:\/\/foto.anders-web.de\/?attachment_id=2410\" class=\"wp-image-2410\" srcset=\"https:\/\/foto.anders-web.de\/wp-content\/uploads\/2021\/02\/20210206-D75_9929-1024x683.jpg 1024w, https:\/\/foto.anders-web.de\/wp-content\/uploads\/2021\/02\/20210206-D75_9929-300x200.jpg 300w, https:\/\/foto.anders-web.de\/wp-content\/uploads\/2021\/02\/20210206-D75_9929-768x512.jpg 768w, https:\/\/foto.anders-web.de\/wp-content\/uploads\/2021\/02\/20210206-D75_9929-1536x1024.jpg 1536w, https:\/\/foto.anders-web.de\/wp-content\/uploads\/2021\/02\/20210206-D75_9929-210x140.jpg 210w, https:\/\/foto.anders-web.de\/wp-content\/uploads\/2021\/02\/20210206-D75_9929-1960x1307.jpg 1960w\" sizes=\"(max-width: 980px) 100vw, 980px\" \/><\/figure><\/li><li class=\"blocks-gallery-item\"><figure><img loading=\"lazy\" decoding=\"async\" width=\"1024\" height=\"683\" src=\"https:\/\/foto.anders-web.de\/wp-content\/uploads\/2021\/02\/20210206-D75_9921-1024x683.jpg\" alt=\"\" data-id=\"2414\" data-full-url=\"https:\/\/foto.anders-web.de\/wp-content\/uploads\/2021\/02\/20210206-D75_9921-scaled.jpg\" data-link=\"https:\/\/foto.anders-web.de\/?attachment_id=2414\" class=\"wp-image-2414\" srcset=\"https:\/\/foto.anders-web.de\/wp-content\/uploads\/2021\/02\/20210206-D75_9921-1024x683.jpg 1024w, https:\/\/foto.anders-web.de\/wp-content\/uploads\/2021\/02\/20210206-D75_9921-300x200.jpg 300w, https:\/\/foto.anders-web.de\/wp-content\/uploads\/2021\/02\/20210206-D75_9921-768x512.jpg 768w, https:\/\/foto.anders-web.de\/wp-content\/uploads\/2021\/02\/20210206-D75_9921-1536x1024.jpg 1536w, https:\/\/foto.anders-web.de\/wp-content\/uploads\/2021\/02\/20210206-D75_9921-210x140.jpg 210w, https:\/\/foto.anders-web.de\/wp-content\/uploads\/2021\/02\/20210206-D75_9921-1960x1307.jpg 1960w\" sizes=\"(max-width: 980px) 100vw, 980px\" \/><\/figure><\/li><li class=\"blocks-gallery-item\"><figure><img loading=\"lazy\" decoding=\"async\" width=\"1024\" height=\"683\" src=\"https:\/\/foto.anders-web.de\/wp-content\/uploads\/2021\/02\/20210206-D75_9930-1024x683.jpg\" alt=\"\" data-id=\"2411\" data-link=\"https:\/\/foto.anders-web.de\/?attachment_id=2411\" class=\"wp-image-2411\" srcset=\"https:\/\/foto.anders-web.de\/wp-content\/uploads\/2021\/02\/20210206-D75_9930-1024x683.jpg 1024w, https:\/\/foto.anders-web.de\/wp-content\/uploads\/2021\/02\/20210206-D75_9930-300x200.jpg 300w, https:\/\/foto.anders-web.de\/wp-content\/uploads\/2021\/02\/20210206-D75_9930-768x512.jpg 768w, https:\/\/foto.anders-web.de\/wp-content\/uploads\/2021\/02\/20210206-D75_9930-1536x1024.jpg 1536w, https:\/\/foto.anders-web.de\/wp-content\/uploads\/2021\/02\/20210206-D75_9930-210x140.jpg 210w, https:\/\/foto.anders-web.de\/wp-content\/uploads\/2021\/02\/20210206-D75_9930-1960x1307.jpg 1960w\" sizes=\"(max-width: 980px) 100vw, 980px\" \/><\/figure><\/li><\/ul><\/figure>\n\n\n\n<figure class=\"wp-block-image size-large\"><img loading=\"lazy\" decoding=\"async\" width=\"1024\" height=\"683\" src=\"https:\/\/foto.anders-web.de\/wp-content\/uploads\/2021\/02\/20210206-D75_9922-1024x683.jpg\" alt=\"\" class=\"wp-image-2413\" srcset=\"https:\/\/foto.anders-web.de\/wp-content\/uploads\/2021\/02\/20210206-D75_9922-1024x683.jpg 1024w, https:\/\/foto.anders-web.de\/wp-content\/uploads\/2021\/02\/20210206-D75_9922-300x200.jpg 300w, https:\/\/foto.anders-web.de\/wp-content\/uploads\/2021\/02\/20210206-D75_9922-768x512.jpg 768w, https:\/\/foto.anders-web.de\/wp-content\/uploads\/2021\/02\/20210206-D75_9922-1536x1024.jpg 1536w, https:\/\/foto.anders-web.de\/wp-content\/uploads\/2021\/02\/20210206-D75_9922-210x140.jpg 210w, https:\/\/foto.anders-web.de\/wp-content\/uploads\/2021\/02\/20210206-D75_9922-1960x1307.jpg 1960w\" sizes=\"(max-width: 980px) 100vw, 980px\" \/><\/figure>\n","protected":false},"excerpt":{"rendered":"<p>Obwohl f\u00fcr dieses Wochenende extreme Winterverh\u00e4ltnisse angek\u00fcndigt wurden, haben sich die ersten Schneegl\u00f6ckchen im Garten aus der Deckung gewagt &#8230;<\/p>\n","protected":false},"author":1,"featured_media":0,"comment_status":"closed","ping_status":"closed","sticky":false,"template":"","format":"standard","meta":{"footnotes":""},"categories":[1],"tags":[],"_links":{"self":[{"href":"https:\/\/foto.anders-web.de\/index.php?rest_route=\/wp\/v2\/posts\/2408"}],"collection":[{"href":"https:\/\/foto.anders-web.de\/index.php?rest_route=\/wp\/v2\/posts"}],"about":[{"href":"https:\/\/foto.anders-web.de\/index.php?rest_route=\/wp\/v2\/types\/post"}],"author":[{"embeddable":true,"href":"https:\/\/foto.anders-web.de\/index.php?rest_route=\/wp\/v2\/users\/1"}],"replies":[{"embeddable":true,"href":"https:\/\/foto.anders-web.de\/index.php?rest_route=%2Fwp%2Fv2%2Fcomments&post=2408"}],"version-history":[{"count":2,"href":"https:\/\/foto.anders-web.de\/index.php?rest_route=\/wp\/v2\/posts\/2408\/revisions"}],"predecessor-version":[{"id":2416,"href":"https:\/\/foto.anders-web.de\/index.php?rest_route=\/wp\/v2\/posts\/2408\/revisions\/2416"}],"wp:attachment":[{"href":"https:\/\/foto.anders-web.de\/index.php?rest_route=%2Fwp%2Fv2%2Fmedia&parent=2408"}],"wp:term":[{"taxonomy":"category","embeddable":true,"href":"https:\/\/foto.anders-web.de\/index.php?rest_route=%2Fwp%2Fv2%2Fcategories&post=2408"},{"taxonomy":"post_tag","embeddable":true,"href":"https:\/\/foto.anders-web.de\/index.php?rest_route=%2Fwp%2Fv2%2Ftags&post=2408"}],"curies":[{"name":"wp","href":"https:\/\/api.w.org\/{rel}","templated":true}]}}